{"id":28456,"date":"2016-06-28T10:36:39","date_gmt":"2016-06-28T08:36:39","guid":{"rendered":"https:\/\/club.cnelbalis.com\/participa-a-la-travessia-mes-llarga-de-catalunya-per-la-costa-del-maresme\/"},"modified":"2022-06-24T08:56:52","modified_gmt":"2022-06-24T06:56:52","slug":"participa-a-la-travessia-mes-llarga-de-catalunya-per-la-costa-del-maresme","status":"publish","type":"post","link":"https:\/\/www.cnelbalis.com\/ca\/participa-a-la-travessia-mes-llarga-de-catalunya-per-la-costa-del-maresme\/","title":{"rendered":"Participa a la travessia m\u00e9s llarga de Catalunya per la costa del Maresme"},"content":{"rendered":"<p><strong><img loading=\"lazy\" decoding=\"async\" class=\"alignright wp-image-1984 size-full\" title=\"travessia m\u00e9s llarga\" src=\"https:\/\/www.cnelbalis.com\/wp-content\/uploads\/vj-w\/-i\/swim-emotions.jpg\" alt=\"travessia m\u00e9s llarga\" width=\"640\" height=\"451\" \/>El proper diumenge 3 de juliol vine a competir a les aig\u00fces del Bal\u00eds amb la travessia m\u00e9s llarga de Catalunya.<\/strong><\/p>\n<p>Si fins ara tenies el repte de nedar una dist\u00e0ncia de 15 km, ara \u00e9s el moment. Et cuidarem a l\u2019aigua, on tindr\u00e0s seguretat, avituallament a mar i a terra, obsequi de samarreta i casquet de bany. A m\u00e9s de la travessia competitiva de 15 km, tamb\u00e9 hi haur\u00e0 les populars a escollir entre tres dist\u00e0ncies, 1.800 m, 400 m i 200 m, aquesta darrera pels infants.<\/p>\n<p>Us animem a participar en aquesta travessia popular per la costa del Maresme organitzada per Swim Emotions amb la col\u00b7laboraci\u00f3 del Club N\u00e0utic El Bal\u00eds i l\u2019Ajuntament de Sant Andreu de Llavaneres. La convocat\u00f2ria \u00e9s a les 7:30 al Port Bal\u00eds on estar\u00e0 instal\u00b7lat el \u201cSwimVillage\u201d on s\u2019esmorzar\u00e0 i es donar\u00e0 el tret de sortida.<\/p>\n<p>Hi haur\u00e0 premis pels tres primers classificats de la general sense neopr\u00e8 per les categories masculines i femenines.<\/p>\n<p>La resta de premis per categories es donaran per ordre d\u2019arribada, tant sigui amb neopr\u00e8 o sense.<br \/>\nCategoria menys de 25 anys<br \/>\nCategoria de 25 a 35 anys<br \/>\nCategoria de 35 a 45 anys<br \/>\nCategoria de 45 a 55 anys<br \/>\nCategoria m\u00e9s de 55 anys<\/p>\n<p>Anima\u2019t a practicar l\u2019esport de moda i inscriu-te a <a href=\"https:\/\/sportmaniacs.com\/es\/services\/inscription\/travessa-5-viles-maresme-2016\">aqu\u00ed<\/a><\/p>\n","protected":false},"excerpt":{"rendered":"<p>El proper diumenge 3 de juliol vine a competir a les aig\u00fces del Bal\u00eds amb la travessia m\u00e9s llarga de Catalunya. Si fins ara tenies el repte de nedar una dist\u00e0ncia de 15 km, ara \u00e9s el moment. Et cuidarem a l\u2019aigua, on tindr\u00e0s seguretat, avituallament a mar i a terra, obsequi de samarreta i [&hellip;]<\/p>\n","protected":false},"author":1,"featured_media":5229,"comment_status":"open","ping_status":"open","sticky":false,"template":"","format":"standard","meta":{"footnotes":""},"categories":[782],"tags":[972,30,973,974],"class_list":["post-28456","post","type-post","status-publish","format-standard","has-post-thumbnail","hentry","category-esport","tag-catalunyac","tag-cn-el-balis","tag-swim-emotions","tag-travessia-mes-llarga"],"acf":[],"_links":{"self":[{"href":"https:\/\/www.cnelbalis.com\/ca\/wp-json\/wp\/v2\/posts\/28456","targetHints":{"allow":["GET"]}}],"collection":[{"href":"https:\/\/www.cnelbalis.com\/ca\/wp-json\/wp\/v2\/posts"}],"about":[{"href":"https:\/\/www.cnelbalis.com\/ca\/wp-json\/wp\/v2\/types\/post"}],"author":[{"embeddable":true,"href":"https:\/\/www.cnelbalis.com\/ca\/wp-json\/wp\/v2\/users\/1"}],"replies":[{"embeddable":true,"href":"https:\/\/www.cnelbalis.com\/ca\/wp-json\/wp\/v2\/comments?post=28456"}],"version-history":[{"count":1,"href":"https:\/\/www.cnelbalis.com\/ca\/wp-json\/wp\/v2\/posts\/28456\/revisions"}],"predecessor-version":[{"id":30499,"href":"https:\/\/www.cnelbalis.com\/ca\/wp-json\/wp\/v2\/posts\/28456\/revisions\/30499"}],"wp:featuredmedia":[{"embeddable":true,"href":"https:\/\/www.cnelbalis.com\/ca\/wp-json\/wp\/v2\/media\/5229"}],"wp:attachment":[{"href":"https:\/\/www.cnelbalis.com\/ca\/wp-json\/wp\/v2\/media?parent=28456"}],"wp:term":[{"taxonomy":"category","embeddable":true,"href":"https:\/\/www.cnelbalis.com\/ca\/wp-json\/wp\/v2\/categories?post=28456"},{"taxonomy":"post_tag","embeddable":true,"href":"https:\/\/www.cnelbalis.com\/ca\/wp-json\/wp\/v2\/tags?post=28456"}],"curies":[{"name":"wp","href":"https:\/\/api.w.org\/{rel}","templated":true}]}}