{"id":28440,"date":"2016-02-29T16:06:34","date_gmt":"2016-02-29T15:06:34","guid":{"rendered":"https:\/\/club.cnelbalis.com\/el-balis-classifica-8-de-20-regatistes-a-la-seleccio-catalana\/"},"modified":"2022-06-24T08:57:30","modified_gmt":"2022-06-24T06:57:30","slug":"el-balis-classifica-8-de-20-regatistes-a-la-seleccio-catalana","status":"publish","type":"post","link":"https:\/\/www.cnelbalis.com\/ca\/el-balis-classifica-8-de-20-regatistes-a-la-seleccio-catalana\/","title":{"rendered":"El Bal\u00eds classifica 8 de 20 regatistes a la selecci\u00f3 catalana"},"content":{"rendered":"<p>Iset Segura, Arnau Gelp\u00ed, Mariona Rahola, Monica Veenhoven, Miquel Perez, Jaume Alcover, Pau Llibre i Mar Garc\u00eda han aconseguit la classificaci\u00f3 per a la selecci\u00f3 catalana d\u2019Optimist, aix\u00f2 suposa un 40% dels esportistes que representaran Catalunya al Campionat d\u2019Espanya que es celebrar\u00e0 a Las Palmas de Gran Canaria aquesta Setmana Santa.<\/p>\n<p>Cada classificaci\u00f3 \u00e9s un tr\u00e0ngol especial per als esportistes i sabem que ha estat dur, per\u00f2 ho heu aconseguit!<\/p>\n<p><img loading=\"lazy\" decoding=\"async\" src=\"https:\/\/www.cnelbalis.com\/wp-content\/uploads\/vj-w\/-i\/4-1.jpg\" alt=\"4\" width=\"240\" height=\"240\" class=\"alignright size-full wp-image-5268\" \/><\/p>\n","protected":false},"excerpt":{"rendered":"<p>Iset Segura, Arnau Gelp\u00ed, Mariona Rahola, Monica Veenhoven, Miquel Perez, Jaume Alcover, Pau Llibre i Mar Garc\u00eda han aconseguit la classificaci\u00f3 per a la selecci\u00f3 catalana d\u2019Optimist, aix\u00f2 suposa un 40% dels esportistes que representaran Catalunya al Campionat d\u2019Espanya que es celebrar\u00e0 a Las Palmas de Gran Canaria aquesta Setmana Santa. Cada classificaci\u00f3 \u00e9s un [&hellip;]<\/p>\n","protected":false},"author":1,"featured_media":5833,"comment_status":"open","ping_status":"open","sticky":false,"template":"","format":"standard","meta":{"footnotes":""},"categories":[782,23],"tags":[30,554,936],"class_list":["post-28440","post","type-post","status-publish","format-standard","has-post-thumbnail","hentry","category-esport","category-vela","tag-cn-el-balis","tag-regatistes","tag-seleccio-catalana"],"acf":[],"_links":{"self":[{"href":"https:\/\/www.cnelbalis.com\/ca\/wp-json\/wp\/v2\/posts\/28440","targetHints":{"allow":["GET"]}}],"collection":[{"href":"https:\/\/www.cnelbalis.com\/ca\/wp-json\/wp\/v2\/posts"}],"about":[{"href":"https:\/\/www.cnelbalis.com\/ca\/wp-json\/wp\/v2\/types\/post"}],"author":[{"embeddable":true,"href":"https:\/\/www.cnelbalis.com\/ca\/wp-json\/wp\/v2\/users\/1"}],"replies":[{"embeddable":true,"href":"https:\/\/www.cnelbalis.com\/ca\/wp-json\/wp\/v2\/comments?post=28440"}],"version-history":[{"count":1,"href":"https:\/\/www.cnelbalis.com\/ca\/wp-json\/wp\/v2\/posts\/28440\/revisions"}],"predecessor-version":[{"id":28607,"href":"https:\/\/www.cnelbalis.com\/ca\/wp-json\/wp\/v2\/posts\/28440\/revisions\/28607"}],"wp:featuredmedia":[{"embeddable":true,"href":"https:\/\/www.cnelbalis.com\/ca\/wp-json\/wp\/v2\/media\/5833"}],"wp:attachment":[{"href":"https:\/\/www.cnelbalis.com\/ca\/wp-json\/wp\/v2\/media?parent=28440"}],"wp:term":[{"taxonomy":"category","embeddable":true,"href":"https:\/\/www.cnelbalis.com\/ca\/wp-json\/wp\/v2\/categories?post=28440"},{"taxonomy":"post_tag","embeddable":true,"href":"https:\/\/www.cnelbalis.com\/ca\/wp-json\/wp\/v2\/tags?post=28440"}],"curies":[{"name":"wp","href":"https:\/\/api.w.org\/{rel}","templated":true}]}}