{"id":28439,"date":"2016-03-01T16:06:05","date_gmt":"2016-03-01T15:06:05","guid":{"rendered":"https:\/\/club.cnelbalis.com\/cornudella-lopez-desenes-al-mundial-de-470\/"},"modified":"2022-06-24T08:57:30","modified_gmt":"2022-06-24T06:57:30","slug":"cornudella-lopez-desenes-al-mundial-de-470","status":"publish","type":"post","link":"https:\/\/www.cnelbalis.com\/ca\/cornudella-lopez-desenes-al-mundial-de-470\/","title":{"rendered":"Cornudella\/L\u00f3pez desenes al mundial de 470"},"content":{"rendered":"<p>El passat cap de setmana va acabar el mundial de la classe 470 a San Isidro, Argentina amb un balan\u00e7 m\u00e9s que positiu per a la nostra tripulaci\u00f3. Aquesta ha estat la primera regata classificat\u00f2ria per a les tripulacions espanyoles de cara a la selecci\u00f3 ol\u00edmpica per a Rio. Un cop assegurada la pla\u00e7a per al pa\u00eds, la Barbara i la Sara opten a representar Espanya en els jocs d\u2019aquest estiu.<\/p>\n<p>Despr\u00e9s d\u2019un campionat amb molt bons parcials en les regates classificat\u00f2ries situant-se sempre en el top 10 de la general, la B\u00e0rbara i la Sara es van classificar per a la Medal Race , en la que van finalitzar 8es.<\/p>\n<p>\u201cCornudella y L\u00f3pez han sido la gran revelaci\u00f3n de este Mundial, llegaban con la vitola de campeonas de Europa Junior 2015 y han hecho un campeonato magn\u00edfico estando siempre clasificadas entre las diez primeras. Las catalanas fueron octavas en la Medal Race y perd\u00edan un puesto en la general, en la que han acabado d\u00e9cimas\u201d citen fonts de la Real federaci\u00f3 Espanyola de Vela.<\/p>\n<p>En les seves xarxes, les esportistes han assegurat que \u201cmarxem argentina molt contentes amb la nostra actuaci\u00f3!! Hem acabat 10\u00e8 a la general, despr\u00e9s d&#8217;un 8\u00e8 a la Medal Race!! Aquest \u00e9s el millor resultat mai aconseguit en la nostra traject\u00f2ria!!<br \/>\nAra tornem a Barcelona, despr\u00e9s de gaireb\u00e9 dos mesos a l&#8217;altre costat de l&#8217;oce\u00e0 atl\u00e0ntic, descansarem durant 10 dies, i despr\u00e9s marxarem de nou, au2qest cop cap a Palma a preparar el nostre segon classificatori ol\u00edmpic!<br \/>\nEns agradaria donar les gr\u00e0cies al nostre entrenador Nigel Cochrane per fer-nos millor navegants cada dia i al nostre segon entrenador Kevin Burnham pels seus consells! I \u00e9s clar, gr\u00e0cies a les nostres pares per animar-nos cada dia des de la pneum\u00e0tica!<br \/>\nMoltes gr\u00e0cies per tot el suport que tothom ens ha donat aquesta setmana passada! Significa molt per a nosaltres!\u201d<\/p>\n<p>La segona regata classificat\u00f2ria para las tripulacions espanyoles de cara a R\u00edo, ser\u00e0 el Campionat d\u2019Europa de 470, que es celebrar\u00e0 el mes d\u2019abril en aig\u00fces del Club N\u00e0utic S\u2019Arenal (Mallorca) i pel qual les nostres esportistes comen\u00e7aran la preparaci\u00f3 la setmana vinent.<\/p>\n<p><img loading=\"lazy\" decoding=\"async\" src=\"https:\/\/www.cnelbalis.com\/wp-content\/uploads\/vj-w\/-i\/3-1.jpg\" alt=\"3\" width=\"320\" height=\"213\" class=\"alignright size-full wp-image-5266\" \/><\/p>\n","protected":false},"excerpt":{"rendered":"<p>El passat cap de setmana va acabar el mundial de la classe 470 a San Isidro, Argentina amb un balan\u00e7 m\u00e9s que positiu per a la nostra tripulaci\u00f3. Aquesta ha estat la primera regata classificat\u00f2ria per a les tripulacions espanyoles de cara a la selecci\u00f3 ol\u00edmpica per a Rio. Un cop assegurada la pla\u00e7a per [&hellip;]<\/p>\n","protected":false},"author":1,"featured_media":2458,"comment_status":"open","ping_status":"open","sticky":false,"template":"","format":"standard","meta":{"footnotes":""},"categories":[782,23],"tags":[30,926,436],"class_list":["post-28439","post","type-post","status-publish","format-standard","has-post-thumbnail","hentry","category-esport","category-vela","tag-cn-el-balis","tag-cornudella-i-lopez","tag-mundial-470"],"acf":[],"_links":{"self":[{"href":"https:\/\/www.cnelbalis.com\/ca\/wp-json\/wp\/v2\/posts\/28439","targetHints":{"allow":["GET"]}}],"collection":[{"href":"https:\/\/www.cnelbalis.com\/ca\/wp-json\/wp\/v2\/posts"}],"about":[{"href":"https:\/\/www.cnelbalis.com\/ca\/wp-json\/wp\/v2\/types\/post"}],"author":[{"embeddable":true,"href":"https:\/\/www.cnelbalis.com\/ca\/wp-json\/wp\/v2\/users\/1"}],"replies":[{"embeddable":true,"href":"https:\/\/www.cnelbalis.com\/ca\/wp-json\/wp\/v2\/comments?post=28439"}],"version-history":[{"count":1,"href":"https:\/\/www.cnelbalis.com\/ca\/wp-json\/wp\/v2\/posts\/28439\/revisions"}],"predecessor-version":[{"id":28606,"href":"https:\/\/www.cnelbalis.com\/ca\/wp-json\/wp\/v2\/posts\/28439\/revisions\/28606"}],"wp:featuredmedia":[{"embeddable":true,"href":"https:\/\/www.cnelbalis.com\/ca\/wp-json\/wp\/v2\/media\/2458"}],"wp:attachment":[{"href":"https:\/\/www.cnelbalis.com\/ca\/wp-json\/wp\/v2\/media?parent=28439"}],"wp:term":[{"taxonomy":"category","embeddable":true,"href":"https:\/\/www.cnelbalis.com\/ca\/wp-json\/wp\/v2\/categories?post=28439"},{"taxonomy":"post_tag","embeddable":true,"href":"https:\/\/www.cnelbalis.com\/ca\/wp-json\/wp\/v2\/tags?post=28439"}],"curies":[{"name":"wp","href":"https:\/\/api.w.org\/{rel}","templated":true}]}}