{"id":28432,"date":"2016-04-07T15:53:44","date_gmt":"2016-04-07T13:53:44","guid":{"rendered":"https:\/\/club.cnelbalis.com\/campionats-de-catalunya-un-or-i-dos-bronzes\/"},"modified":"2022-06-24T08:57:23","modified_gmt":"2022-06-24T06:57:23","slug":"campionats-de-catalunya-un-or-i-dos-bronzes","status":"publish","type":"post","link":"https:\/\/www.cnelbalis.com\/ca\/campionats-de-catalunya-un-or-i-dos-bronzes\/","title":{"rendered":"Campionats de Catalunya: un or i dos bronzes"},"content":{"rendered":"<p>Albert Gelp\u00ed campi\u00f3 de Catalunya de 29er. Bronze per Tania Bonilla i N\u00faria Mir\u00f3, 1es f\u00e8mines.<br \/>\nOriol Arrufat bronze a la classe Europe; Marc Arrufat \u00e9s 4t i subcampi\u00f3 Sub17 i Marc Tello 5\u00e8 a la classificaci\u00f3 general.<\/p>\n<p>Blanes ha estat l\u2019escenari del campionat de Catalunya de la classe Europe i de la classe 29er, a m\u00e9s de la regata de primavera per a la classe 420, on s\u2019han disputat 7 proves per a la classe 29er i 6 per a la classe 420 i Europe.<\/p>\n<p>En Pol Rivas, l\u2019entrenador dels Europes destaca que \u201ca m\u00e9s del bronze, l\u2019Oriol Arrufat ha estat tamb\u00e9 subcampi\u00f3 sub17. En Marc Arrufat ha fet una bona actuaci\u00f3 pujant al podi com a 3er juvenil (4rt a la general). En Marc Tello va ser 5\u00e8 a la general. En Joan Freixa va finalitzar en un meritori 9\u00e8 lloc amb una considerable millora t\u00e8cnica amb condicions de vent. El mateix per en Xavier Mart\u00ednez (11\u00e8 a la general), completant un cap de setmana for\u00e7a consistent amb un 6\u00e8 lloc com a millor parcial. La Gal\u00b7la Rodiera (12ena) i la Cl\u00e0udia Rod\u00e9s (13ena) van pujar al podi com a 2\u00aa i 3\u00aa juvenils i la Gal\u00b7la, a m\u00e9s, tamb\u00e9 ho va fer com a 3\u00aa absoluta. En Yago Ma\u00f1\u00e9 va finalitzar 14\u00e8 a la general amb una clara millora el segon dia de regates amb 3 parcials for\u00e7a bons (8\u00e8, 11\u00e9, 8\u00e8).\u201d<\/p>\n<p>A la classe 420, Alex Br\u00fa i Max Urquizu han estat 2ns i els germans Lucas i Teo Par\u00e9s 3os. Edu Ferrer i Carlos de Maqua han estat 4ts i Eli Rahola 1a f\u00e8mina.<\/p>\n<p><img loading=\"lazy\" decoding=\"async\" src=\"https:\/\/www.cnelbalis.com\/wp-content\/uploads\/vj-w\/-i\/r.jpg\" alt=\"r\" width=\"320\" height=\"180\" class=\"aligncenter size-full wp-image-4989\" \/><\/p>\n","protected":false},"excerpt":{"rendered":"<p>Albert Gelp\u00ed campi\u00f3 de Catalunya de 29er. Bronze per Tania Bonilla i N\u00faria Mir\u00f3, 1es f\u00e8mines. Oriol Arrufat bronze a la classe Europe; Marc Arrufat \u00e9s 4t i subcampi\u00f3 Sub17 i Marc Tello 5\u00e8 a la classificaci\u00f3 general. Blanes ha estat l\u2019escenari del campionat de Catalunya de la classe Europe i de la classe 29er, [&hellip;]<\/p>\n","protected":false},"author":1,"featured_media":5684,"comment_status":"open","ping_status":"open","sticky":false,"template":"","format":"standard","meta":{"footnotes":""},"categories":[782],"tags":[904,905,30],"class_list":["post-28432","post","type-post","status-publish","format-standard","has-post-thumbnail","hentry","category-esport","tag-albert-gelpi","tag-campionats-de-catalunya","tag-cn-el-balis"],"acf":[],"_links":{"self":[{"href":"https:\/\/www.cnelbalis.com\/ca\/wp-json\/wp\/v2\/posts\/28432","targetHints":{"allow":["GET"]}}],"collection":[{"href":"https:\/\/www.cnelbalis.com\/ca\/wp-json\/wp\/v2\/posts"}],"about":[{"href":"https:\/\/www.cnelbalis.com\/ca\/wp-json\/wp\/v2\/types\/post"}],"author":[{"embeddable":true,"href":"https:\/\/www.cnelbalis.com\/ca\/wp-json\/wp\/v2\/users\/1"}],"replies":[{"embeddable":true,"href":"https:\/\/www.cnelbalis.com\/ca\/wp-json\/wp\/v2\/comments?post=28432"}],"version-history":[{"count":1,"href":"https:\/\/www.cnelbalis.com\/ca\/wp-json\/wp\/v2\/posts\/28432\/revisions"}],"predecessor-version":[{"id":28572,"href":"https:\/\/www.cnelbalis.com\/ca\/wp-json\/wp\/v2\/posts\/28432\/revisions\/28572"}],"wp:featuredmedia":[{"embeddable":true,"href":"https:\/\/www.cnelbalis.com\/ca\/wp-json\/wp\/v2\/media\/5684"}],"wp:attachment":[{"href":"https:\/\/www.cnelbalis.com\/ca\/wp-json\/wp\/v2\/media?parent=28432"}],"wp:term":[{"taxonomy":"category","embeddable":true,"href":"https:\/\/www.cnelbalis.com\/ca\/wp-json\/wp\/v2\/categories?post=28432"},{"taxonomy":"post_tag","embeddable":true,"href":"https:\/\/www.cnelbalis.com\/ca\/wp-json\/wp\/v2\/tags?post=28432"}],"curies":[{"name":"wp","href":"https:\/\/api.w.org\/{rel}","templated":true}]}}