{"id":28416,"date":"2016-04-11T15:49:00","date_gmt":"2016-04-11T13:49:00","guid":{"rendered":"https:\/\/club.cnelbalis.com\/dues-catalanes-aconsegueixen-placa-a-rio-en-470-femeni\/"},"modified":"2022-06-24T08:57:23","modified_gmt":"2022-06-24T06:57:23","slug":"dues-catalanes-aconsegueixen-placa-a-rio-en-470-femeni","status":"publish","type":"post","link":"https:\/\/www.cnelbalis.com\/ca\/dues-catalanes-aconsegueixen-placa-a-rio-en-470-femeni\/","title":{"rendered":"Dues catalanes aconsegueixen pla\u00e7a a Rio en 470 femen\u00ed"},"content":{"rendered":"<p>&#8211; Sara L\u00f3pez i B\u00e0rbara Cornudella seran les representants espanyoles de la classe 470 femen\u00ed de Vela als Jocs Ol\u00edmpics que se celebren aquest estiu a Rio.<br \/>\n&#8211; Aconsegueixen la pla\u00e7a despr\u00e9s dels bons resultats aconseguits al Mundial d\u2019Argentina d\u2019aquest estiu i de la 22\u00aa posici\u00f3 de la general que han tancat avui a l\u2019Europeu de S\u2019Arenal.<br \/>\n&#8211; L\u00f3pez i Cornudella s\u00f3n les primeres regatistes nascudes i crescudes al planter d\u2019El Bal\u00eds que aconsegueixen pla\u00e7a ol\u00edmpica.<\/p>\n<p>Les regatistes del Club N\u00e0utic El Bal\u00eds, Sara L\u00f3pez i B\u00e1rbara Cornudella (Ravetllat Arom\u00e0tics\/Fundaci\u00f3 Damm) han confirmat avui la seva pla\u00e7a als Jocs Ol\u00edmpics de Rio com a representants femenines d\u2019Espanya en la classe 470. Les cosines L\u00f3pez i Cornudella han aconseguit el bitllet ol\u00edmpic despr\u00e9s d\u2019aconseguir la 22\u00aa posici\u00f3 de la general a l\u2019Europeu de S\u2019Arenal que ha finalitzat avui i despr\u00e9s de la desena posici\u00f3 aconseguida en el Mundial d\u2019Argentina el febrer d\u2019enguany.<\/p>\n<p>Sara L\u00f3pez i B\u00e0rbara Cornudella s\u00f3n les primeres regatistes nascudes i crescudes en el planter del CN El Bal\u00eds que aconsegueixen una pla\u00e7a ol\u00edmpica. La classificaci\u00f3 del t\u00e0ndem format per L\u00f3pez\/Cornudella coincideix amb la celebraci\u00f3 del 50 aniversari d\u2019aquest club de Sant Andreu de Llavaneres.<\/p>\n<p>L\u00f3pez\/Cornudella es van iniciar en el m\u00f3n n\u00e0utic en El Bal\u00eds, el club de vela amb m\u00e9s regatistes federats de tot Catalunya. En l\u2019actualitat, El Bal\u00eds forma anualment prop de 800 joves a trav\u00e9s de la seva escola de vela.<\/p>\n<p><img loading=\"lazy\" decoding=\"async\" src=\"https:\/\/www.cnelbalis.com\/wp-content\/uploads\/vj-w\/-i\/p.jpg\" alt=\"p\" width=\"320\" height=\"240\" class=\"aligncenter size-full wp-image-4985\" \/><\/p>\n","protected":false},"excerpt":{"rendered":"<p>&#8211; Sara L\u00f3pez i B\u00e0rbara Cornudella seran les representants espanyoles de la classe 470 femen\u00ed de Vela als Jocs Ol\u00edmpics que se celebren aquest estiu a Rio. &#8211; Aconsegueixen la pla\u00e7a despr\u00e9s dels bons resultats aconseguits al Mundial d\u2019Argentina d\u2019aquest estiu i de la 22\u00aa posici\u00f3 de la general que han tancat avui a l\u2019Europeu [&hellip;]<\/p>\n","protected":false},"author":1,"featured_media":5679,"comment_status":"open","ping_status":"open","sticky":false,"template":"","format":"standard","meta":{"footnotes":""},"categories":[782],"tags":[864,865,48],"class_list":["post-28416","post","type-post","status-publish","format-standard","has-post-thumbnail","hentry","category-esport","tag-470-femeni","tag-jocs-olimpics-2016","tag-rio-2016"],"acf":[],"_links":{"self":[{"href":"https:\/\/www.cnelbalis.com\/ca\/wp-json\/wp\/v2\/posts\/28416","targetHints":{"allow":["GET"]}}],"collection":[{"href":"https:\/\/www.cnelbalis.com\/ca\/wp-json\/wp\/v2\/posts"}],"about":[{"href":"https:\/\/www.cnelbalis.com\/ca\/wp-json\/wp\/v2\/types\/post"}],"author":[{"embeddable":true,"href":"https:\/\/www.cnelbalis.com\/ca\/wp-json\/wp\/v2\/users\/1"}],"replies":[{"embeddable":true,"href":"https:\/\/www.cnelbalis.com\/ca\/wp-json\/wp\/v2\/comments?post=28416"}],"version-history":[{"count":1,"href":"https:\/\/www.cnelbalis.com\/ca\/wp-json\/wp\/v2\/posts\/28416\/revisions"}],"predecessor-version":[{"id":28571,"href":"https:\/\/www.cnelbalis.com\/ca\/wp-json\/wp\/v2\/posts\/28416\/revisions\/28571"}],"wp:featuredmedia":[{"embeddable":true,"href":"https:\/\/www.cnelbalis.com\/ca\/wp-json\/wp\/v2\/media\/5679"}],"wp:attachment":[{"href":"https:\/\/www.cnelbalis.com\/ca\/wp-json\/wp\/v2\/media?parent=28416"}],"wp:term":[{"taxonomy":"category","embeddable":true,"href":"https:\/\/www.cnelbalis.com\/ca\/wp-json\/wp\/v2\/categories?post=28416"},{"taxonomy":"post_tag","embeddable":true,"href":"https:\/\/www.cnelbalis.com\/ca\/wp-json\/wp\/v2\/tags?post=28416"}],"curies":[{"name":"wp","href":"https:\/\/api.w.org\/{rel}","templated":true}]}}