{"id":28415,"date":"2016-05-31T12:28:34","date_gmt":"2016-05-31T10:28:34","guid":{"rendered":"https:\/\/club.cnelbalis.com\/arnau-gelpi-subcampio-catala-absolut-i-campio-doptimist-en-la-classe-b\/"},"modified":"2022-06-24T08:57:20","modified_gmt":"2022-06-24T06:57:20","slug":"arnau-gelpi-subcampio-catala-absolut-i-campio-doptimist-en-la-classe-b","status":"publish","type":"post","link":"https:\/\/www.cnelbalis.com\/ca\/arnau-gelpi-subcampio-catala-absolut-i-campio-doptimist-en-la-classe-b\/","title":{"rendered":"Arnau Gelp\u00ed subcampi\u00f3 catal\u00e0 absolut i campi\u00f3 d\u2019Optimist en la classe B"},"content":{"rendered":"<p>Iset Segura campiona femenina.<br \/>\nJaume Alcover primer de la classe C.<br \/>\nEls regatistes del CN El Bal\u00eds van aconseguir molt bons resultats al Campionat de Catalunya per la classe d\u2019Optimist. Salou va ser protagonista durant els caps de setmana 21 i 22, i 28 i 29 de maig a l\u2019acollir a gaireb\u00e9 dues centenes de regatistes.<\/p>\n<p>L\u2019Arnau Gelp\u00ed va quedar subcampi\u00f3 catal\u00e0 absolut i primer de la classe B, aconseguint el pas a la Copa d\u2019Espanya que se celebrar\u00e0 al CN El Bal\u00eds. Iset Segura va pujar al primer esgla\u00f3 del podi per recollir l\u2019or de la categoria femenina igual que Jaume Alcover que ho va fer per la classe C.<\/p>\n<p>Despr\u00e9s de disputar un total de 6 proves durant els dos caps de setmana amb condicions de vent molt variables, 11 regatistes del CN El Bal\u00eds es van classificar per la Copa d\u2019Espanya d\u2019Optimist, 8 per la selecci\u00f3 catalana i 3 per clubs. L\u2019\u00faltima jornada va ser la m\u00e9s favorable pels regatistes que van poder realitzar quatre proves amb un mestral variable i de forta intensitat arribant a superar, en alguna ocasi\u00f3, els 28 nusos. Destacar que gr\u00e0cies a l\u2019alt rendiment que han fet els nostres regatistes, 4 d\u2019ells estan en el Top Ten de les classificacions: Arnau Gelp\u00ed (2n), Iset Segura (5ena), Mariona Rahola (6ena) i M\u00f3nica Veenhoven (8ena).<\/p>\n<p>Amb aquest campionat acaba la temporada i amb els bons resultats que s\u2019han aconseguit durant l\u2019any, el Club N\u00e0utic el Bal\u00eds ha quedat en primer lloc del r\u00e0nquing tant del G1 com G2. La Daniela Borr\u00e0s i l\u2019Elisabet Comas han aconseguit ascendir a G1 i, despr\u00e9s del seu bon rendiment, Victoria Pru\u00f1onosa, opta tamb\u00e9 a una pla\u00e7a en aquest mateix grup.<\/p>\n<p>Classificaci\u00f3 dels regatistes d&#8217;El Bal\u00eds:<br \/>\nGRUP 1:<\/p>\n<p>2) Arnau Gelpi (1r B)<br \/>\n5) Iset Segura (1a f\u00e9mina)<br \/>\n6) Mariona Rahola<br \/>\n8) Monica Veenhoven<br \/>\n15) Nora Lasurt<br \/>\n18) Miquel P\u00e9rez<br \/>\n20) Jaume Alcover (1r C)<br \/>\n21) Pau Llibre<br \/>\n22) Tat\u00e1n Riquelme<br \/>\n29) Helena Pru\u00f1onosa<br \/>\n37) Martina Casa\u00f1e<br \/>\n41) Mar Garc\u00eda<br \/>\n42) Martina Rodiera<br \/>\n62) Adri Pru\u00f1onosa<br \/>\n64) Ale Riquelme<br \/>\n75) Nico Borr\u00e1s<br \/>\n77) Geri P\u00e9rez<\/p>\n<p>GRUP 2:<\/p>\n<p>7) Lucas Garc\u00eda<br \/>\n18) Dani Borr\u00e0s<br \/>\n24) Eli comas<br \/>\n39) Vicky Pru\u00f1onosa<br \/>\n56) Guim Carulla<br \/>\n68) Santi Costa<\/p>\n<p>Enhorabona a tothom!<\/p>\n<p><img loading=\"lazy\" decoding=\"async\" class=\"aligncenter size-full wp-image-4926\" src=\"https:\/\/www.cnelbalis.com\/wp-content\/uploads\/vj-w\/-i\/b.jpg\" alt=\"b\" width=\"320\" height=\"213\" \/><\/p>\n","protected":false},"excerpt":{"rendered":"<p>Iset Segura campiona femenina. Jaume Alcover primer de la classe C. Els regatistes del CN El Bal\u00eds van aconseguir molt bons resultats al Campionat de Catalunya per la classe d\u2019Optimist. Salou va ser protagonista durant els caps de setmana 21 i 22, i 28 i 29 de maig a l\u2019acollir a gaireb\u00e9 dues centenes de [&hellip;]<\/p>\n","protected":false},"author":1,"featured_media":5608,"comment_status":"open","ping_status":"open","sticky":false,"template":"","format":"standard","meta":{"footnotes":""},"categories":[782,23],"tags":[859,32,862],"class_list":["post-28415","post","type-post","status-publish","format-standard","has-post-thumbnail","hentry","category-esport","category-vela","tag-arnau-gelpi","tag-optimist","tag-subcampio-catala-absolut"],"acf":[],"_links":{"self":[{"href":"https:\/\/www.cnelbalis.com\/ca\/wp-json\/wp\/v2\/posts\/28415","targetHints":{"allow":["GET"]}}],"collection":[{"href":"https:\/\/www.cnelbalis.com\/ca\/wp-json\/wp\/v2\/posts"}],"about":[{"href":"https:\/\/www.cnelbalis.com\/ca\/wp-json\/wp\/v2\/types\/post"}],"author":[{"embeddable":true,"href":"https:\/\/www.cnelbalis.com\/ca\/wp-json\/wp\/v2\/users\/1"}],"replies":[{"embeddable":true,"href":"https:\/\/www.cnelbalis.com\/ca\/wp-json\/wp\/v2\/comments?post=28415"}],"version-history":[{"count":1,"href":"https:\/\/www.cnelbalis.com\/ca\/wp-json\/wp\/v2\/posts\/28415\/revisions"}],"predecessor-version":[{"id":28559,"href":"https:\/\/www.cnelbalis.com\/ca\/wp-json\/wp\/v2\/posts\/28415\/revisions\/28559"}],"wp:featuredmedia":[{"embeddable":true,"href":"https:\/\/www.cnelbalis.com\/ca\/wp-json\/wp\/v2\/media\/5608"}],"wp:attachment":[{"href":"https:\/\/www.cnelbalis.com\/ca\/wp-json\/wp\/v2\/media?parent=28415"}],"wp:term":[{"taxonomy":"category","embeddable":true,"href":"https:\/\/www.cnelbalis.com\/ca\/wp-json\/wp\/v2\/categories?post=28415"},{"taxonomy":"post_tag","embeddable":true,"href":"https:\/\/www.cnelbalis.com\/ca\/wp-json\/wp\/v2\/tags?post=28415"}],"curies":[{"name":"wp","href":"https:\/\/api.w.org\/{rel}","templated":true}]}}